{"id":6428,"date":"2020-06-23T17:34:54","date_gmt":"2020-06-23T17:34:54","guid":{"rendered":"https:\/\/www.asuntospublicos.cl\/ap\/?p=6428"},"modified":"2021-04-30T13:28:23","modified_gmt":"2021-04-30T13:28:23","slug":"una-nueva-desnudez-del-derecho-una-breve-reflexion-sobre-la-pandemia-y-las-transformaciones-del-fenomeno-juridico","status":"publish","type":"post","link":"https:\/\/www.asuntospublicos.cl\/ap\/una-nueva-desnudez-del-derecho-una-breve-reflexion-sobre-la-pandemia-y-las-transformaciones-del-fenomeno-juridico\/","title":{"rendered":"\u00bfUna nueva desnudez del derecho? Una breve reflexi\u00f3n sobre la pandemia y las transformaciones del fen\u00f3meno jur\u00eddico"},"content":{"rendered":"<p>Por Flavio Quezada Rodr\u00edguez . . .<\/p>\n<p>Este informe es de acceso restringido. Para descargar el contenido ingresa tu usuario y contrase\u00f1a en la secci\u00f3n \u201c<a href=\"https:\/\/www.asuntospublicos.cl\/ap\/acceso\/\">Acceso<\/a>\u201d.<\/p>\n<p>&nbsp;<\/p>\n","protected":false},"excerpt":{"rendered":"<p>Por Flavio Quezada Rodr\u00edguez<\/p>\n","protected":false},"author":119,"featured_media":6432,"comment_status":"open","ping_status":"open","sticky":false,"template":"","format":"standard","meta":{"footnotes":""},"categories":[2,6,4,9,7],"tags":[],"class_list":["post-6428","post","type-post","status-publish","format-standard","has-post-thumbnail","hentry","category-descargas","category-informes-anteriores","category-politica","category-politicas-sectoriales","category-sociedad"],"_links":{"self":[{"href":"https:\/\/www.asuntospublicos.cl\/ap\/wp-json\/wp\/v2\/posts\/6428"}],"collection":[{"href":"https:\/\/www.asuntospublicos.cl\/ap\/wp-json\/wp\/v2\/posts"}],"about":[{"href":"https:\/\/www.asuntospublicos.cl\/ap\/wp-json\/wp\/v2\/types\/post"}],"author":[{"embeddable":true,"href":"https:\/\/www.asuntospublicos.cl\/ap\/wp-json\/wp\/v2\/users\/119"}],"replies":[{"embeddable":true,"href":"https:\/\/www.asuntospublicos.cl\/ap\/wp-json\/wp\/v2\/comments?post=6428"}],"version-history":[{"count":3,"href":"https:\/\/www.asuntospublicos.cl\/ap\/wp-json\/wp\/v2\/posts\/6428\/revisions"}],"predecessor-version":[{"id":8085,"href":"https:\/\/www.asuntospublicos.cl\/ap\/wp-json\/wp\/v2\/posts\/6428\/revisions\/8085"}],"wp:featuredmedia":[{"embeddable":true,"href":"https:\/\/www.asuntospublicos.cl\/ap\/wp-json\/wp\/v2\/media\/6432"}],"wp:attachment":[{"href":"https:\/\/www.asuntospublicos.cl\/ap\/wp-json\/wp\/v2\/media?parent=6428"}],"wp:term":[{"taxonomy":"category","embeddable":true,"href":"https:\/\/www.asuntospublicos.cl\/ap\/wp-json\/wp\/v2\/categories?post=6428"},{"taxonomy":"post_tag","embeddable":true,"href":"https:\/\/www.asuntospublicos.cl\/ap\/wp-json\/wp\/v2\/tags?post=6428"}],"curies":[{"name":"wp","href":"https:\/\/api.w.org\/{rel}","templated":true}]}}