{"id":5593,"date":"2020-05-29T16:15:51","date_gmt":"2020-05-29T16:15:51","guid":{"rendered":"https:\/\/www.asuntospublicos.cl\/ap\/?p=5593"},"modified":"2021-04-30T13:47:21","modified_gmt":"2021-04-30T13:47:21","slug":"proteccion-de-la-infancia-y-adolescencia-en-entornos-digitales-una-de-las-deudas-pendientes-de-la-ley-chilena-de-proteccion-de-datos-personales","status":"publish","type":"post","link":"https:\/\/www.asuntospublicos.cl\/ap\/proteccion-de-la-infancia-y-adolescencia-en-entornos-digitales-una-de-las-deudas-pendientes-de-la-ley-chilena-de-proteccion-de-datos-personales\/","title":{"rendered":"Protecci\u00f3n de la infancia y adolescencia en entornos digitales: una de las deudas pendientes de la ley chilena de protecci\u00f3n de datos personales"},"content":{"rendered":"<p>Por Diego C\u00f3rdova Y\u00fckich . . .<\/p>\n<p>Este informe es de acceso restringido. Para descargar el contenido ingresa tu usuario y contrase\u00f1a en la secci\u00f3n \u201c<a href=\"https:\/\/www.asuntospublicos.cl\/ap\/acceso\/\">Acceso<\/a>\u201d.<\/p>\n<p>&nbsp;<\/p>\n","protected":false},"excerpt":{"rendered":"<p>Por Diego C\u00f3rdova Y\u00fckich<\/p>\n","protected":false},"author":119,"featured_media":5597,"comment_status":"open","ping_status":"open","sticky":false,"template":"","format":"standard","meta":{"footnotes":""},"categories":[2,6,4,9,7],"tags":[],"class_list":["post-5593","post","type-post","status-publish","format-standard","has-post-thumbnail","hentry","category-descargas","category-informes-anteriores","category-politica","category-politicas-sectoriales","category-sociedad"],"_links":{"self":[{"href":"https:\/\/www.asuntospublicos.cl\/ap\/wp-json\/wp\/v2\/posts\/5593"}],"collection":[{"href":"https:\/\/www.asuntospublicos.cl\/ap\/wp-json\/wp\/v2\/posts"}],"about":[{"href":"https:\/\/www.asuntospublicos.cl\/ap\/wp-json\/wp\/v2\/types\/post"}],"author":[{"embeddable":true,"href":"https:\/\/www.asuntospublicos.cl\/ap\/wp-json\/wp\/v2\/users\/119"}],"replies":[{"embeddable":true,"href":"https:\/\/www.asuntospublicos.cl\/ap\/wp-json\/wp\/v2\/comments?post=5593"}],"version-history":[{"count":2,"href":"https:\/\/www.asuntospublicos.cl\/ap\/wp-json\/wp\/v2\/posts\/5593\/revisions"}],"predecessor-version":[{"id":8087,"href":"https:\/\/www.asuntospublicos.cl\/ap\/wp-json\/wp\/v2\/posts\/5593\/revisions\/8087"}],"wp:featuredmedia":[{"embeddable":true,"href":"https:\/\/www.asuntospublicos.cl\/ap\/wp-json\/wp\/v2\/media\/5597"}],"wp:attachment":[{"href":"https:\/\/www.asuntospublicos.cl\/ap\/wp-json\/wp\/v2\/media?parent=5593"}],"wp:term":[{"taxonomy":"category","embeddable":true,"href":"https:\/\/www.asuntospublicos.cl\/ap\/wp-json\/wp\/v2\/categories?post=5593"},{"taxonomy":"post_tag","embeddable":true,"href":"https:\/\/www.asuntospublicos.cl\/ap\/wp-json\/wp\/v2\/tags?post=5593"}],"curies":[{"name":"wp","href":"https:\/\/api.w.org\/{rel}","templated":true}]}}