{"id":2693,"date":"2002-06-22T21:00:37","date_gmt":"2002-06-22T21:00:37","guid":{"rendered":"https:\/\/www.asuntospublicos.cl\/ap\/?p=1965"},"modified":"2021-07-15T21:04:20","modified_gmt":"2021-07-15T21:04:20","slug":"21-anos-de-distribucion-centralista-el-aporte-fiscal-directo-a-las-universidades","status":"publish","type":"post","link":"https:\/\/www.asuntospublicos.cl\/ap\/21-anos-de-distribucion-centralista-el-aporte-fiscal-directo-a-las-universidades\/","title":{"rendered":"21 A\u00f1os de Distribuci\u00f3n Centralista: el Aporte Fiscal Directo a las Universidades"},"content":{"rendered":"<p>Por H\u00e9ctor Guillermo Gaete Feres . . .<\/p>\n<p>Este informe es de acceso restringido. Para descargar el contenido ingresa tu usuario y contrase\u00f1a en la secci\u00f3n \u201c<a href=\"https:\/\/www.asuntospublicos.cl\/ap\/acceso\/\">Acceso<\/a>\u201d.<\/p>\n<p>&nbsp;<\/p>\n","protected":false},"excerpt":{"rendered":"<p>Por H\u00e9ctor Guillermo Gaete Feres<\/p>\n","protected":false},"author":1,"featured_media":4149,"comment_status":"open","ping_status":"open","sticky":false,"template":"","format":"standard","meta":{"footnotes":""},"categories":[2,6,4,9],"tags":[],"class_list":["post-2693","post","type-post","status-publish","format-standard","has-post-thumbnail","hentry","category-descargas","category-informes-anteriores","category-politica","category-politicas-sectoriales"],"_links":{"self":[{"href":"https:\/\/www.asuntospublicos.cl\/ap\/wp-json\/wp\/v2\/posts\/2693"}],"collection":[{"href":"https:\/\/www.asuntospublicos.cl\/ap\/wp-json\/wp\/v2\/posts"}],"about":[{"href":"https:\/\/www.asuntospublicos.cl\/ap\/wp-json\/wp\/v2\/types\/post"}],"author":[{"embeddable":true,"href":"https:\/\/www.asuntospublicos.cl\/ap\/wp-json\/wp\/v2\/users\/1"}],"replies":[{"embeddable":true,"href":"https:\/\/www.asuntospublicos.cl\/ap\/wp-json\/wp\/v2\/comments?post=2693"}],"version-history":[{"count":3,"href":"https:\/\/www.asuntospublicos.cl\/ap\/wp-json\/wp\/v2\/posts\/2693\/revisions"}],"predecessor-version":[{"id":12880,"href":"https:\/\/www.asuntospublicos.cl\/ap\/wp-json\/wp\/v2\/posts\/2693\/revisions\/12880"}],"wp:featuredmedia":[{"embeddable":true,"href":"https:\/\/www.asuntospublicos.cl\/ap\/wp-json\/wp\/v2\/media\/4149"}],"wp:attachment":[{"href":"https:\/\/www.asuntospublicos.cl\/ap\/wp-json\/wp\/v2\/media?parent=2693"}],"wp:term":[{"taxonomy":"category","embeddable":true,"href":"https:\/\/www.asuntospublicos.cl\/ap\/wp-json\/wp\/v2\/categories?post=2693"},{"taxonomy":"post_tag","embeddable":true,"href":"https:\/\/www.asuntospublicos.cl\/ap\/wp-json\/wp\/v2\/tags?post=2693"}],"curies":[{"name":"wp","href":"https:\/\/api.w.org\/{rel}","templated":true}]}}