{"id":2687,"date":"2002-07-17T21:36:17","date_gmt":"2002-07-17T21:36:17","guid":{"rendered":"https:\/\/www.asuntospublicos.cl\/ap\/?p=1988"},"modified":"2021-07-15T21:02:14","modified_gmt":"2021-07-15T21:02:14","slug":"europa-critica-a-bush-y-aconseja-a-sudamerica","status":"publish","type":"post","link":"https:\/\/www.asuntospublicos.cl\/ap\/europa-critica-a-bush-y-aconseja-a-sudamerica\/","title":{"rendered":"Europa Critica a Bush y Aconseja a Sudam\u00e9rica"},"content":{"rendered":"<p>Por Marcelo Cantelmi (desde Par\u00eds-Berl\u00edn . . .<\/p>\n<p>Este informe es de acceso restringido. Para descargar el contenido ingresa tu usuario y contrase\u00f1a en la secci\u00f3n \u201c<a href=\"https:\/\/www.asuntospublicos.cl\/ap\/acceso\/\">Acceso<\/a>\u201d.<\/p>\n<p>&nbsp;<\/p>\n","protected":false},"excerpt":{"rendered":"<p>Por Marcelo Cantelmi (desde Par\u00eds-Berl\u00edn)<\/p>\n","protected":false},"author":1,"featured_media":4149,"comment_status":"open","ping_status":"open","sticky":false,"template":"","format":"standard","meta":{"footnotes":""},"categories":[2,8,6],"tags":[],"class_list":["post-2687","post","type-post","status-publish","format-standard","has-post-thumbnail","hentry","category-descargas","category-economia","category-informes-anteriores"],"_links":{"self":[{"href":"https:\/\/www.asuntospublicos.cl\/ap\/wp-json\/wp\/v2\/posts\/2687"}],"collection":[{"href":"https:\/\/www.asuntospublicos.cl\/ap\/wp-json\/wp\/v2\/posts"}],"about":[{"href":"https:\/\/www.asuntospublicos.cl\/ap\/wp-json\/wp\/v2\/types\/post"}],"author":[{"embeddable":true,"href":"https:\/\/www.asuntospublicos.cl\/ap\/wp-json\/wp\/v2\/users\/1"}],"replies":[{"embeddable":true,"href":"https:\/\/www.asuntospublicos.cl\/ap\/wp-json\/wp\/v2\/comments?post=2687"}],"version-history":[{"count":4,"href":"https:\/\/www.asuntospublicos.cl\/ap\/wp-json\/wp\/v2\/posts\/2687\/revisions"}],"predecessor-version":[{"id":12874,"href":"https:\/\/www.asuntospublicos.cl\/ap\/wp-json\/wp\/v2\/posts\/2687\/revisions\/12874"}],"wp:featuredmedia":[{"embeddable":true,"href":"https:\/\/www.asuntospublicos.cl\/ap\/wp-json\/wp\/v2\/media\/4149"}],"wp:attachment":[{"href":"https:\/\/www.asuntospublicos.cl\/ap\/wp-json\/wp\/v2\/media?parent=2687"}],"wp:term":[{"taxonomy":"category","embeddable":true,"href":"https:\/\/www.asuntospublicos.cl\/ap\/wp-json\/wp\/v2\/categories?post=2687"},{"taxonomy":"post_tag","embeddable":true,"href":"https:\/\/www.asuntospublicos.cl\/ap\/wp-json\/wp\/v2\/tags?post=2687"}],"curies":[{"name":"wp","href":"https:\/\/api.w.org\/{rel}","templated":true}]}}