{"id":2218,"date":"2008-08-26T16:41:29","date_gmt":"2008-08-26T16:41:29","guid":{"rendered":"https:\/\/www.asuntospublicos.cl\/ap\/?p=1379"},"modified":"2021-07-15T04:08:59","modified_gmt":"2021-07-15T04:08:59","slug":"el-rol-del-estado-en-materias-de-prevencion-en-seguridad-publica-reflexiones-desde-la-praxis","status":"publish","type":"post","link":"https:\/\/www.asuntospublicos.cl\/ap\/el-rol-del-estado-en-materias-de-prevencion-en-seguridad-publica-reflexiones-desde-la-praxis\/","title":{"rendered":"El rol del Estado en materias de Prevenci\u00f3n en Seguridad P\u00fablica Reflexiones desde la praxis"},"content":{"rendered":"<p>Por Adri\u00e1n Pereira . . .<\/p>\n<p>Este informe es de acceso restringido. Para descargar el contenido ingresa tu usuario y contrase\u00f1a en la secci\u00f3n \u201c<a href=\"https:\/\/www.asuntospublicos.cl\/ap\/acceso\/\">Acceso<\/a>\u201d.<\/p>\n<p>&nbsp;<\/p>\n","protected":false},"excerpt":{"rendered":"<p>Por Adri\u00e1n Pereira<\/p>\n","protected":false},"author":1,"featured_media":4149,"comment_status":"open","ping_status":"open","sticky":false,"template":"","format":"standard","meta":{"footnotes":""},"categories":[2,6,4,9],"tags":[],"class_list":["post-2218","post","type-post","status-publish","format-standard","has-post-thumbnail","hentry","category-descargas","category-informes-anteriores","category-politica","category-politicas-sectoriales"],"_links":{"self":[{"href":"https:\/\/www.asuntospublicos.cl\/ap\/wp-json\/wp\/v2\/posts\/2218"}],"collection":[{"href":"https:\/\/www.asuntospublicos.cl\/ap\/wp-json\/wp\/v2\/posts"}],"about":[{"href":"https:\/\/www.asuntospublicos.cl\/ap\/wp-json\/wp\/v2\/types\/post"}],"author":[{"embeddable":true,"href":"https:\/\/www.asuntospublicos.cl\/ap\/wp-json\/wp\/v2\/users\/1"}],"replies":[{"embeddable":true,"href":"https:\/\/www.asuntospublicos.cl\/ap\/wp-json\/wp\/v2\/comments?post=2218"}],"version-history":[{"count":2,"href":"https:\/\/www.asuntospublicos.cl\/ap\/wp-json\/wp\/v2\/posts\/2218\/revisions"}],"predecessor-version":[{"id":12422,"href":"https:\/\/www.asuntospublicos.cl\/ap\/wp-json\/wp\/v2\/posts\/2218\/revisions\/12422"}],"wp:featuredmedia":[{"embeddable":true,"href":"https:\/\/www.asuntospublicos.cl\/ap\/wp-json\/wp\/v2\/media\/4149"}],"wp:attachment":[{"href":"https:\/\/www.asuntospublicos.cl\/ap\/wp-json\/wp\/v2\/media?parent=2218"}],"wp:term":[{"taxonomy":"category","embeddable":true,"href":"https:\/\/www.asuntospublicos.cl\/ap\/wp-json\/wp\/v2\/categories?post=2218"},{"taxonomy":"post_tag","embeddable":true,"href":"https:\/\/www.asuntospublicos.cl\/ap\/wp-json\/wp\/v2\/tags?post=2218"}],"curies":[{"name":"wp","href":"https:\/\/api.w.org\/{rel}","templated":true}]}}