{"id":14240,"date":"2026-04-27T11:30:01","date_gmt":"2026-04-27T14:30:01","guid":{"rendered":"https:\/\/www.asuntospublicos.cl\/ap\/?p=14240"},"modified":"2026-04-28T12:26:57","modified_gmt":"2026-04-28T15:26:57","slug":"la-erosion-de-la-calidad-de-la-politica","status":"publish","type":"post","link":"https:\/\/www.asuntospublicos.cl\/ap\/la-erosion-de-la-calidad-de-la-politica\/","title":{"rendered":"\u201cLa erosi\u00f3n de la calidad de la pol\u00edtica\u201d"},"content":{"rendered":"<p style=\"text-align: justify;\">En su art\u00edculo \u201cLa erosi\u00f3n de la calidad de la pol\u00edtica\u201d, Eduardo Saffirio Su\u00e1rez sostiene que la calidad de la pol\u00edtica es un pilar fundamental de la democracia y su\u00a0deterioro provoca una p\u00e9rdida progresiva de la confianza p\u00fablica, incluso sin quiebres institucionales visibles. El autor advierte que en Chile se observa una erosi\u00f3n sostenida de dicha calidad, la cual, junto con la crisis de representaci\u00f3n y la polarizaci\u00f3n, limita la capacidad del sistema pol\u00edtico para procesar demandas complejas y alcanzar acuerdos duraderos.<\/p>\n<p style=\"text-align: justify;\">Identifica ocho manifestaciones del deterioro: el empobrecimiento del debate p\u00fablico, dominado por la l\u00f3gica medi\u00e1tica y coyuntural; el debilitamiento de la deliberaci\u00f3n y la responsabilidad, que reduce el di\u00e1logo y aleja las decisiones de la evidencia; la corrupci\u00f3n, cuya reiteraci\u00f3n y baja sanci\u00f3n erosionan la confianza institucional; la priorizaci\u00f3n de la permanencia en el poder por sobre el servicio p\u00fablico; la cartelizaci\u00f3n de los partidos, que favorece la antipol\u00edtica; la selecci\u00f3n adversa del talento, que desincentiva la participaci\u00f3n de perfiles competentes; y una esfera p\u00fablica marcada por la confrontaci\u00f3n, que dificulta la cooperaci\u00f3n y genera par\u00e1lisis decisoria. Asimismo, en el plano \u00e9tico, destaca la p\u00e9rdida de la prudencia como virtud central de la acci\u00f3n pol\u00edtica, sustituida por un pragmatismo de corto plazo que debilita el bien com\u00fan y la responsabilidad intergeneracional.<\/p>\n<p style=\"text-align: justify;\">En conclusi\u00f3n, Eduardo Saffirio advierte que un sistema pol\u00edtico incapaz de generar pol\u00edticas p\u00fablicas de calidad queda expuesto a la improvisaci\u00f3n, afectando tanto la eficacia del Estado como la legitimidad democr\u00e1tica. Revertir esta tendencia requiere no solo ajustes institucionales, sino tambi\u00e9n la reconstrucci\u00f3n de la cultura pol\u00edtica con una ciudadan\u00eda informada y activa.<\/p>\n<p style=\"text-align: justify;\"><a data-e-Disable-Page-Transition=\"true\" class=\"download-link\" title=\"\" href=\"https:\/\/www.asuntospublicos.cl\/ap\/download\/14245\/?tmstv=1777464747\" rel=\"nofollow\">\n\tDescargar Informe 1503<\/a><br \/>\n<!--\/codes_iframe--><\/p>\n","protected":false},"excerpt":{"rendered":"<p>Por Eduardo Saffirio Su\u00e1rez<\/p>\n","protected":false},"author":119,"featured_media":14242,"comment_status":"open","ping_status":"open","sticky":false,"template":"","format":"standard","meta":{"footnotes":""},"categories":[2,4,5],"tags":[],"class_list":["post-14240","post","type-post","status-publish","format-standard","has-post-thumbnail","hentry","category-descargas","category-politica","category-ultimos-informes"],"_links":{"self":[{"href":"https:\/\/www.asuntospublicos.cl\/ap\/wp-json\/wp\/v2\/posts\/14240"}],"collection":[{"href":"https:\/\/www.asuntospublicos.cl\/ap\/wp-json\/wp\/v2\/posts"}],"about":[{"href":"https:\/\/www.asuntospublicos.cl\/ap\/wp-json\/wp\/v2\/types\/post"}],"author":[{"embeddable":true,"href":"https:\/\/www.asuntospublicos.cl\/ap\/wp-json\/wp\/v2\/users\/119"}],"replies":[{"embeddable":true,"href":"https:\/\/www.asuntospublicos.cl\/ap\/wp-json\/wp\/v2\/comments?post=14240"}],"version-history":[{"count":2,"href":"https:\/\/www.asuntospublicos.cl\/ap\/wp-json\/wp\/v2\/posts\/14240\/revisions"}],"predecessor-version":[{"id":14247,"href":"https:\/\/www.asuntospublicos.cl\/ap\/wp-json\/wp\/v2\/posts\/14240\/revisions\/14247"}],"wp:featuredmedia":[{"embeddable":true,"href":"https:\/\/www.asuntospublicos.cl\/ap\/wp-json\/wp\/v2\/media\/14242"}],"wp:attachment":[{"href":"https:\/\/www.asuntospublicos.cl\/ap\/wp-json\/wp\/v2\/media?parent=14240"}],"wp:term":[{"taxonomy":"category","embeddable":true,"href":"https:\/\/www.asuntospublicos.cl\/ap\/wp-json\/wp\/v2\/categories?post=14240"},{"taxonomy":"post_tag","embeddable":true,"href":"https:\/\/www.asuntospublicos.cl\/ap\/wp-json\/wp\/v2\/tags?post=14240"}],"curies":[{"name":"wp","href":"https:\/\/api.w.org\/{rel}","templated":true}]}}