{"id":14204,"date":"2026-03-26T17:17:50","date_gmt":"2026-03-26T20:17:50","guid":{"rendered":"https:\/\/www.asuntospublicos.cl\/ap\/?p=14204"},"modified":"2026-03-26T17:17:50","modified_gmt":"2026-03-26T20:17:50","slug":"democracia-sin-sujeto-colectivo-subjetividad-individualizacion-y-vaciamiento-de-lo-comun-en-las-democracias-contemporaneas-parte-i","status":"publish","type":"post","link":"https:\/\/www.asuntospublicos.cl\/ap\/democracia-sin-sujeto-colectivo-subjetividad-individualizacion-y-vaciamiento-de-lo-comun-en-las-democracias-contemporaneas-parte-i\/","title":{"rendered":"\u201cDemocracia sin sujeto colectivo: subjetividad, individualizaci\u00f3n y vaciamiento de lo com\u00fan en las democracias contempor\u00e1neas (Parte I)\u201d"},"content":{"rendered":"<p>Gast\u00f3n Alvear G\u00f3mez, polit\u00f3logo, propone comprender las democracias contempor\u00e1neas, las cuales contin\u00faan operando a trav\u00e9s de sus procedimientos institucionales, pero sobre una base social crecientemente fragmentada y carente de horizontes colectivos compartidos. Para ello, el autor inicia con la noci\u00f3n de \u201cdemocracia sin sujeto colectivo\u201d, entendida como un r\u00e9gimen que preserva sus formas democr\u00e1ticas mientras ve erosionada su base subjetiva por procesos de individualizaci\u00f3n, reconfiguraci\u00f3n del lazo social y transformaci\u00f3n de la participaci\u00f3n pol\u00edtica.<\/p>\n<p>Desde una perspectiva te\u00f3rica, el texto articula las concepciones de la democracia desarrolladas por Guillermo O\u2019Donnell y Manuel Antonio Garret\u00f3n \u2014que presuponen ciudadan\u00eda, mediaci\u00f3n y pertenencia colectiva\u2014 con los diagn\u00f3sticos contempor\u00e1neos sobre la subjetividad formulados por Zygmunt Bauman y Byung-Chul Han.<\/p>\n<p>Gast\u00f3n argumenta que la mutaci\u00f3n de la subjetividad moderna, marcada por l\u00f3gicas de consumo, rendimiento e inmediatez, tensiona las condiciones sociales de posibilidad de la democracia, produciendo un vaciamiento de lo com\u00fan, sin implicar necesariamente el colapso institucional del r\u00e9gimen democr\u00e1tico.<\/p>\n<p style=\"text-align: justify;\"><a data-e-Disable-Page-Transition=\"true\" class=\"download-link\" title=\"\" href=\"https:\/\/www.asuntospublicos.cl\/ap\/download\/14209\/?tmstv=1777567035\" rel=\"nofollow\">\n\tDescargar Informe 1500<\/a><br \/>\n<!--\/codes_iframe--><\/p>\n","protected":false},"excerpt":{"rendered":"<p>Por Gast\u00f3n Osvaldo Alvear G\u00f3mez<\/p>\n","protected":false},"author":119,"featured_media":14206,"comment_status":"open","ping_status":"open","sticky":false,"template":"","format":"standard","meta":{"footnotes":""},"categories":[2,4,5],"tags":[],"class_list":["post-14204","post","type-post","status-publish","format-standard","has-post-thumbnail","hentry","category-descargas","category-politica","category-ultimos-informes"],"_links":{"self":[{"href":"https:\/\/www.asuntospublicos.cl\/ap\/wp-json\/wp\/v2\/posts\/14204"}],"collection":[{"href":"https:\/\/www.asuntospublicos.cl\/ap\/wp-json\/wp\/v2\/posts"}],"about":[{"href":"https:\/\/www.asuntospublicos.cl\/ap\/wp-json\/wp\/v2\/types\/post"}],"author":[{"embeddable":true,"href":"https:\/\/www.asuntospublicos.cl\/ap\/wp-json\/wp\/v2\/users\/119"}],"replies":[{"embeddable":true,"href":"https:\/\/www.asuntospublicos.cl\/ap\/wp-json\/wp\/v2\/comments?post=14204"}],"version-history":[{"count":2,"href":"https:\/\/www.asuntospublicos.cl\/ap\/wp-json\/wp\/v2\/posts\/14204\/revisions"}],"predecessor-version":[{"id":14211,"href":"https:\/\/www.asuntospublicos.cl\/ap\/wp-json\/wp\/v2\/posts\/14204\/revisions\/14211"}],"wp:featuredmedia":[{"embeddable":true,"href":"https:\/\/www.asuntospublicos.cl\/ap\/wp-json\/wp\/v2\/media\/14206"}],"wp:attachment":[{"href":"https:\/\/www.asuntospublicos.cl\/ap\/wp-json\/wp\/v2\/media?parent=14204"}],"wp:term":[{"taxonomy":"category","embeddable":true,"href":"https:\/\/www.asuntospublicos.cl\/ap\/wp-json\/wp\/v2\/categories?post=14204"},{"taxonomy":"post_tag","embeddable":true,"href":"https:\/\/www.asuntospublicos.cl\/ap\/wp-json\/wp\/v2\/tags?post=14204"}],"curies":[{"name":"wp","href":"https:\/\/api.w.org\/{rel}","templated":true}]}}