{"id":13984,"date":"2025-01-31T14:14:40","date_gmt":"2025-01-31T17:14:40","guid":{"rendered":"https:\/\/www.asuntospublicos.cl\/ap\/?p=13984"},"modified":"2025-01-31T14:14:40","modified_gmt":"2025-01-31T17:14:40","slug":"revista-asuntos-publicos-los-logros-del-ano-2024-y-los-retos-para-este-ano-2025","status":"publish","type":"post","link":"https:\/\/www.asuntospublicos.cl\/ap\/revista-asuntos-publicos-los-logros-del-ano-2024-y-los-retos-para-este-ano-2025\/","title":{"rendered":"Revista Asuntos P\u00fablicos: Los logros del a\u00f1o 2024 y los retos para este a\u00f1o 2025"},"content":{"rendered":"<p style=\"text-align: justify;\">El Comit\u00e9 Editorial de Asuntos P\u00fablicos de CED, constituido por Juan Crist\u00f3bal C\u00e1rdenas, Mauricio Gonz\u00e1lez, Claudio P\u00e9rez y Yohanna Villablanca, escribe esta columna editorial titulada \u201cRevista Asuntos P\u00fablicos: Los logros del a\u00f1o 2024 y los retos para este a\u00f1o 2025\u201d como una forma de compartir algunas reflexiones sobre los trabajos publicados en la revista durante el 2024 y los desaf\u00edos que trae este a\u00f1o, especialmente en lo relacionado a la democracia, tanto en el \u00e1mbito local y global.<\/p>\n<p><a data-e-Disable-Page-Transition=\"true\" class=\"download-link\" title=\"\" href=\"https:\/\/www.asuntospublicos.cl\/ap\/download\/13990\/?tmstv=1777595888\" rel=\"nofollow\">\n\tDescargar Informe 1478<\/a><br \/>\n<!--\/codes_iframe--><\/p>\n","protected":false},"excerpt":{"rendered":"<p>Por Comit\u00e9 Editorial de Asuntos P\u00fablicos<\/p>\n","protected":false},"author":119,"featured_media":13988,"comment_status":"open","ping_status":"open","sticky":false,"template":"","format":"standard","meta":{"footnotes":""},"categories":[2,4,5],"tags":[],"class_list":["post-13984","post","type-post","status-publish","format-standard","has-post-thumbnail","hentry","category-descargas","category-politica","category-ultimos-informes"],"_links":{"self":[{"href":"https:\/\/www.asuntospublicos.cl\/ap\/wp-json\/wp\/v2\/posts\/13984"}],"collection":[{"href":"https:\/\/www.asuntospublicos.cl\/ap\/wp-json\/wp\/v2\/posts"}],"about":[{"href":"https:\/\/www.asuntospublicos.cl\/ap\/wp-json\/wp\/v2\/types\/post"}],"author":[{"embeddable":true,"href":"https:\/\/www.asuntospublicos.cl\/ap\/wp-json\/wp\/v2\/users\/119"}],"replies":[{"embeddable":true,"href":"https:\/\/www.asuntospublicos.cl\/ap\/wp-json\/wp\/v2\/comments?post=13984"}],"version-history":[{"count":3,"href":"https:\/\/www.asuntospublicos.cl\/ap\/wp-json\/wp\/v2\/posts\/13984\/revisions"}],"predecessor-version":[{"id":13992,"href":"https:\/\/www.asuntospublicos.cl\/ap\/wp-json\/wp\/v2\/posts\/13984\/revisions\/13992"}],"wp:featuredmedia":[{"embeddable":true,"href":"https:\/\/www.asuntospublicos.cl\/ap\/wp-json\/wp\/v2\/media\/13988"}],"wp:attachment":[{"href":"https:\/\/www.asuntospublicos.cl\/ap\/wp-json\/wp\/v2\/media?parent=13984"}],"wp:term":[{"taxonomy":"category","embeddable":true,"href":"https:\/\/www.asuntospublicos.cl\/ap\/wp-json\/wp\/v2\/categories?post=13984"},{"taxonomy":"post_tag","embeddable":true,"href":"https:\/\/www.asuntospublicos.cl\/ap\/wp-json\/wp\/v2\/tags?post=13984"}],"curies":[{"name":"wp","href":"https:\/\/api.w.org\/{rel}","templated":true}]}}