{"id":13949,"date":"2024-12-13T12:30:15","date_gmt":"2024-12-13T15:30:15","guid":{"rendered":"https:\/\/www.asuntospublicos.cl\/ap\/?p=13949"},"modified":"2024-12-13T12:30:15","modified_gmt":"2024-12-13T15:30:15","slug":"exposicion-de-carmen-frei-ruiz-tagle-en-presentacion-libro-revista-politica-y-espiritu-y-su-tiempo-1945-2000-de-eduardo-palma-carvajal","status":"publish","type":"post","link":"https:\/\/www.asuntospublicos.cl\/ap\/exposicion-de-carmen-frei-ruiz-tagle-en-presentacion-libro-revista-politica-y-espiritu-y-su-tiempo-1945-2000-de-eduardo-palma-carvajal\/","title":{"rendered":"Exposici\u00f3n de Carmen Frei Ruiz-Tagle en presentaci\u00f3n libro \u201cRevista pol\u00edtica y esp\u00edritu y su tiempo 1945-2000\u201d de Eduardo Palma Carvajal"},"content":{"rendered":"<p style=\"text-align: justify;\">Carmen Frei Ruiz-Tagle, destacada pol\u00edtica chilena, nos ofrece reflexiones clave sobre el libro \u201c<em>Revista Pol\u00edtica y Esp\u00edritu y su tiempo 1945-2000\u201d<\/em> de Eduardo Palma. Considerado apasionante y entretenido, este libro se presenta como una lectura imprescindible para quienes buscan comprender la pol\u00edtica chilena y su evoluci\u00f3n.<\/p>\n<p style=\"text-align: justify;\">La presentaci\u00f3n de Carmen Frei est\u00e1 organizada en tres apartados, en los que destaca los puntos centrales de su lectura y nos motiva a sumergirnos en este an\u00e1lisis profundo.<\/p>\n<p style=\"text-align: justify;\">Primero, define el libro como una referencia indispensable sobre la pol\u00edtica chilena del siglo XX. Indica que el libro examina m\u00e1s de 400 publicaciones de la revista <em>Pol\u00edtica y Esp\u00edritu<\/em>, abordando fen\u00f3menos y debates que marcaron tanto el desarrollo intelectual chileno como mundial. Entre los aportes destacados, se encuentran los de figuras como Jaime Castillo Velasco, Alejandro Magnet, Alejandro Silva Bascu\u00f1\u00e1n y Juan G\u00f3mez Millas. Este apartado ofrece una visi\u00f3n \u00fanica de los acontecimientos que definieron la segunda mitad del siglo XX en Chile.<\/p>\n<p style=\"text-align: justify;\">Segundo, enfatiza los descrito sobre el proyecto pol\u00edtico democr\u00e1tico y popular. Este apartado aborda la construcci\u00f3n de ideas y proyectos pol\u00edticos en su contexto hist\u00f3rico, destacando las discusiones culturales, sociales, econ\u00f3micas e internacionales que dieron forma al pensamiento dem\u00f3crata cristiano. Carmen Frei enfatiza la relevancia de una profunda reflexi\u00f3n de ideas para la construcci\u00f3n de proyectos pol\u00edticos s\u00f3lidos y de futuro, sintetizando esta idea con una frase clave: <em>\u00abNo hay posibilidad de construir un proyecto pol\u00edtico serio sin una profunda reflexi\u00f3n de ideas.\u00bb<\/em><\/p>\n<p style=\"text-align: justify;\">Tercero, la presencia de documentos fundamentales para comprender el per\u00edodo pol\u00edtico 1960-1970 en Chile. Indica que este libro, recopila una amplia variedad de documentos publicados en la revista <em>Pol\u00edtica y Esp\u00edritu<\/em>, fundamentales para entender el contexto pol\u00edtico y social de los a\u00f1os sesenta e inicios de los setenta. Uno de los ejemplos destacados es el texto de Eduardo Palma de 1972, <em>La Unidad Popular en el sistema pol\u00edtico chileno<\/em>, que ofrece una perspectiva esencial sobre este complejo per\u00edodo hist\u00f3rico.<\/p>\n<p style=\"text-align: justify;\">Carmen Frei, concluye que este libro nos invita a reconectar con los valores, la \u00e9tica y el compromiso que marcaron a los falangistas y, posteriormente, a los dem\u00f3cratas cristianos. Adem\u00e1s, el libro reflexiona sobre la importancia de la buena pol\u00edtica y el esp\u00edritu del bien com\u00fan, basado en la solidaridad, el respeto a las diferencias, y los derechos humanos.<\/p>\n<p><a data-e-Disable-Page-Transition=\"true\" class=\"download-link\" title=\"\" href=\"https:\/\/www.asuntospublicos.cl\/ap\/download\/13952\/?tmstv=1777597353\" rel=\"nofollow\">\n\tDescargar Informe 1474<\/a><br \/>\n<!--\/codes_iframe--><\/p>\n","protected":false},"excerpt":{"rendered":"<p>Por Carmen Frei Ruiz-Tagle<\/p>\n","protected":false},"author":119,"featured_media":13956,"comment_status":"open","ping_status":"open","sticky":false,"template":"","format":"standard","meta":{"footnotes":""},"categories":[2,4,5],"tags":[],"class_list":["post-13949","post","type-post","status-publish","format-standard","has-post-thumbnail","hentry","category-descargas","category-politica","category-ultimos-informes"],"_links":{"self":[{"href":"https:\/\/www.asuntospublicos.cl\/ap\/wp-json\/wp\/v2\/posts\/13949"}],"collection":[{"href":"https:\/\/www.asuntospublicos.cl\/ap\/wp-json\/wp\/v2\/posts"}],"about":[{"href":"https:\/\/www.asuntospublicos.cl\/ap\/wp-json\/wp\/v2\/types\/post"}],"author":[{"embeddable":true,"href":"https:\/\/www.asuntospublicos.cl\/ap\/wp-json\/wp\/v2\/users\/119"}],"replies":[{"embeddable":true,"href":"https:\/\/www.asuntospublicos.cl\/ap\/wp-json\/wp\/v2\/comments?post=13949"}],"version-history":[{"count":2,"href":"https:\/\/www.asuntospublicos.cl\/ap\/wp-json\/wp\/v2\/posts\/13949\/revisions"}],"predecessor-version":[{"id":13954,"href":"https:\/\/www.asuntospublicos.cl\/ap\/wp-json\/wp\/v2\/posts\/13949\/revisions\/13954"}],"wp:featuredmedia":[{"embeddable":true,"href":"https:\/\/www.asuntospublicos.cl\/ap\/wp-json\/wp\/v2\/media\/13956"}],"wp:attachment":[{"href":"https:\/\/www.asuntospublicos.cl\/ap\/wp-json\/wp\/v2\/media?parent=13949"}],"wp:term":[{"taxonomy":"category","embeddable":true,"href":"https:\/\/www.asuntospublicos.cl\/ap\/wp-json\/wp\/v2\/categories?post=13949"},{"taxonomy":"post_tag","embeddable":true,"href":"https:\/\/www.asuntospublicos.cl\/ap\/wp-json\/wp\/v2\/tags?post=13949"}],"curies":[{"name":"wp","href":"https:\/\/api.w.org\/{rel}","templated":true}]}}