{"id":13940,"date":"2024-11-29T16:46:52","date_gmt":"2024-11-29T19:46:52","guid":{"rendered":"https:\/\/www.asuntospublicos.cl\/ap\/?p=13940"},"modified":"2024-12-02T13:52:29","modified_gmt":"2024-12-02T16:52:29","slug":"la-constitucion-economica-pensada-por-el-grupo-de-los-24-un-estado-participe-en-la-economia-y-activo-en-lo-social-parte-ii","status":"publish","type":"post","link":"https:\/\/www.asuntospublicos.cl\/ap\/la-constitucion-economica-pensada-por-el-grupo-de-los-24-un-estado-participe-en-la-economia-y-activo-en-lo-social-parte-ii\/","title":{"rendered":"La Constituci\u00f3n Econ\u00f3mica pensada por el Grupo de los 24, un Estado participe en la econom\u00eda y activo en lo social (Parte II)"},"content":{"rendered":"<p style=\"text-align: justify;\">En la segunda parte del informe \u201cLa Constituci\u00f3n Econ\u00f3mica pensada por el Grupo de los 24: un Estado part\u00edcipe en la econom\u00eda y activo en lo social\u201d, Boris Far\u00edas y Branco Delgado profundizan en el legado del Grupo de los 24 y su importancia en los debates constitucionales contempor\u00e1neos.<\/p>\n<p style=\"text-align: justify;\">Los autores analizan las cr\u00edticas al proyecto Ort\u00fazar y la visi\u00f3n econ\u00f3mica de la dictadura, desglosan la constituci\u00f3n econ\u00f3mica propuesta por el Grupo de los 24 y presentan sus principales conclusiones.<\/p>\n<p style=\"text-align: justify;\">Con este an\u00e1lisis, los autores concluyen su reflexi\u00f3n sobre la vigencia del legado del Grupo de los 24 en el contexto de los debates constitucionales actuales.<\/p>\n<p><a data-e-Disable-Page-Transition=\"true\" class=\"download-link\" title=\"\" href=\"https:\/\/www.asuntospublicos.cl\/ap\/download\/13945\/?tmstv=1777598799\" rel=\"nofollow\">\n\tDescargar Informe 1473<\/a><br \/>\n<!--\/codes_iframe--><\/p>\n","protected":false},"excerpt":{"rendered":"<p>Por Boris Far\u00edas Salinas y Branco Delgado Ojeda<\/p>\n","protected":false},"author":119,"featured_media":13942,"comment_status":"open","ping_status":"open","sticky":false,"template":"","format":"standard","meta":{"footnotes":""},"categories":[2,4,5],"tags":[],"class_list":["post-13940","post","type-post","status-publish","format-standard","has-post-thumbnail","hentry","category-descargas","category-politica","category-ultimos-informes"],"_links":{"self":[{"href":"https:\/\/www.asuntospublicos.cl\/ap\/wp-json\/wp\/v2\/posts\/13940"}],"collection":[{"href":"https:\/\/www.asuntospublicos.cl\/ap\/wp-json\/wp\/v2\/posts"}],"about":[{"href":"https:\/\/www.asuntospublicos.cl\/ap\/wp-json\/wp\/v2\/types\/post"}],"author":[{"embeddable":true,"href":"https:\/\/www.asuntospublicos.cl\/ap\/wp-json\/wp\/v2\/users\/119"}],"replies":[{"embeddable":true,"href":"https:\/\/www.asuntospublicos.cl\/ap\/wp-json\/wp\/v2\/comments?post=13940"}],"version-history":[{"count":2,"href":"https:\/\/www.asuntospublicos.cl\/ap\/wp-json\/wp\/v2\/posts\/13940\/revisions"}],"predecessor-version":[{"id":13947,"href":"https:\/\/www.asuntospublicos.cl\/ap\/wp-json\/wp\/v2\/posts\/13940\/revisions\/13947"}],"wp:featuredmedia":[{"embeddable":true,"href":"https:\/\/www.asuntospublicos.cl\/ap\/wp-json\/wp\/v2\/media\/13942"}],"wp:attachment":[{"href":"https:\/\/www.asuntospublicos.cl\/ap\/wp-json\/wp\/v2\/media?parent=13940"}],"wp:term":[{"taxonomy":"category","embeddable":true,"href":"https:\/\/www.asuntospublicos.cl\/ap\/wp-json\/wp\/v2\/categories?post=13940"},{"taxonomy":"post_tag","embeddable":true,"href":"https:\/\/www.asuntospublicos.cl\/ap\/wp-json\/wp\/v2\/tags?post=13940"}],"curies":[{"name":"wp","href":"https:\/\/api.w.org\/{rel}","templated":true}]}}