{"id":13915,"date":"2024-11-27T18:04:26","date_gmt":"2024-11-27T21:04:26","guid":{"rendered":"https:\/\/www.asuntospublicos.cl\/ap\/?p=13915"},"modified":"2024-11-28T10:13:39","modified_gmt":"2024-11-28T13:13:39","slug":"la-constitucion-economica-pensada-por-el-grupo-de-los-24-un-estado-participe-en-la-economia-y-activo-en-lo-social-parte-i","status":"publish","type":"post","link":"https:\/\/www.asuntospublicos.cl\/ap\/la-constitucion-economica-pensada-por-el-grupo-de-los-24-un-estado-participe-en-la-economia-y-activo-en-lo-social-parte-i\/","title":{"rendered":"La Constituci\u00f3n Econ\u00f3mica pensada por el Grupo de los 24, un Estado participe en la econom\u00eda y activo en lo social (Parte I)"},"content":{"rendered":"<p style=\"text-align: justify;\">Boris Far\u00edas y Branco Delgado presentan un an\u00e1lisis jur\u00eddico-hist\u00f3rico sobre la Constituci\u00f3n Econ\u00f3mica, desarrollada y propuesta por el Grupo de los 24. Este texto examina el contexto hist\u00f3rico y conceptual del t\u00e9rmino, adem\u00e1s de los esfuerzos de este grupo de acad\u00e9micos e intelectuales para proponer una alternativa constitucional democr\u00e1tica y participativa frente a la Constituci\u00f3n de 1980.<\/p>\n<p style=\"text-align: justify;\">Tras la Segunda Guerra Mundial, muchas constituciones comenzaron a incluir principios y normas destinadas a regular las relaciones econ\u00f3micas entre el Estado y los privados, as\u00ed como entre los privados mismos. En Chile, la Constituci\u00f3n de 1980 consolid\u00f3 un modelo econ\u00f3mico fundamentado en la libertad econ\u00f3mica, el derecho de propiedad, la no discriminaci\u00f3n y la neutralidad t\u00e9cnica de los \u00f3rganos estatales, agrupados bajo el concepto de Orden P\u00fablico Econ\u00f3mico.<\/p>\n<p style=\"text-align: justify;\">En contraste, el Grupo de los 24, formado por acad\u00e9micos opositores al r\u00e9gimen, plante\u00f3 una alternativa institucional que no s\u00f3lo cuestion\u00f3 los fundamentos de la Constituci\u00f3n de 1980, sino que tambi\u00e9n desarroll\u00f3 una Carta Magna paralela y trabaj\u00f3 en redefinir el concepto de Constituci\u00f3n Econ\u00f3mica con un enfoque m\u00e1s inclusivo y participativo.<\/p>\n<p style=\"text-align: justify;\">La parte I, de ese texto, se organiza en dos enunciados:<\/p>\n<p style=\"text-align: justify;\">Primero, se habla sobre el Grupo de los 24, donde se analiza el origen, caracter\u00edsticas y principios del grupo, su misi\u00f3n en el contexto nacional, su impacto en el debate p\u00fablico y el desarrollo de su Proyecto de Constituci\u00f3n Pol\u00edtica para Chile.<\/p>\n<p style=\"text-align: justify;\">Segundo, se aborda el t\u00e9rmino \u00abConstituci\u00f3n Econ\u00f3mica\u00bb y su tratamiento en Chile: Se realiza un an\u00e1lisis conceptual detallado, destacando su importancia en el marco jur\u00eddico y pol\u00edtico y compar\u00e1ndola con la noci\u00f3n de Orden P\u00fablico Econ\u00f3mico vigente en la Constituci\u00f3n de 1980.<\/p>\n<p style=\"text-align: justify;\">Este an\u00e1lisis permite reflexionar sobre el legado del Grupo de los 24 y su relevancia en los debates constitucionales actuales.<\/p>\n<p><a data-e-Disable-Page-Transition=\"true\" class=\"download-link\" title=\"\" href=\"https:\/\/www.asuntospublicos.cl\/ap\/download\/13920\/?tmstv=1777600000\" rel=\"nofollow\">\n\tDescargar Informe 1472<\/a><br \/>\n<!--\/codes_iframe--><\/p>\n","protected":false},"excerpt":{"rendered":"<p>Por Boris Far\u00edas Salinas y Branco Delgado Ojeda<\/p>\n","protected":false},"author":119,"featured_media":13932,"comment_status":"open","ping_status":"open","sticky":false,"template":"","format":"standard","meta":{"footnotes":""},"categories":[2,4,5],"tags":[],"class_list":["post-13915","post","type-post","status-publish","format-standard","has-post-thumbnail","hentry","category-descargas","category-politica","category-ultimos-informes"],"_links":{"self":[{"href":"https:\/\/www.asuntospublicos.cl\/ap\/wp-json\/wp\/v2\/posts\/13915"}],"collection":[{"href":"https:\/\/www.asuntospublicos.cl\/ap\/wp-json\/wp\/v2\/posts"}],"about":[{"href":"https:\/\/www.asuntospublicos.cl\/ap\/wp-json\/wp\/v2\/types\/post"}],"author":[{"embeddable":true,"href":"https:\/\/www.asuntospublicos.cl\/ap\/wp-json\/wp\/v2\/users\/119"}],"replies":[{"embeddable":true,"href":"https:\/\/www.asuntospublicos.cl\/ap\/wp-json\/wp\/v2\/comments?post=13915"}],"version-history":[{"count":2,"href":"https:\/\/www.asuntospublicos.cl\/ap\/wp-json\/wp\/v2\/posts\/13915\/revisions"}],"predecessor-version":[{"id":13922,"href":"https:\/\/www.asuntospublicos.cl\/ap\/wp-json\/wp\/v2\/posts\/13915\/revisions\/13922"}],"wp:featuredmedia":[{"embeddable":true,"href":"https:\/\/www.asuntospublicos.cl\/ap\/wp-json\/wp\/v2\/media\/13932"}],"wp:attachment":[{"href":"https:\/\/www.asuntospublicos.cl\/ap\/wp-json\/wp\/v2\/media?parent=13915"}],"wp:term":[{"taxonomy":"category","embeddable":true,"href":"https:\/\/www.asuntospublicos.cl\/ap\/wp-json\/wp\/v2\/categories?post=13915"},{"taxonomy":"post_tag","embeddable":true,"href":"https:\/\/www.asuntospublicos.cl\/ap\/wp-json\/wp\/v2\/tags?post=13915"}],"curies":[{"name":"wp","href":"https:\/\/api.w.org\/{rel}","templated":true}]}}