{"id":13861,"date":"2024-07-12T12:49:44","date_gmt":"2024-07-12T15:49:44","guid":{"rendered":"https:\/\/www.asuntospublicos.cl\/ap\/?p=13861"},"modified":"2024-07-12T12:49:44","modified_gmt":"2024-07-12T15:49:44","slug":"acuerdos-internacionales-y-la-industria-de-hidrogeno-verde-en-chile-interacciones-oportunidades-y-desafios-de-sustentabilidad-parte-2","status":"publish","type":"post","link":"https:\/\/www.asuntospublicos.cl\/ap\/acuerdos-internacionales-y-la-industria-de-hidrogeno-verde-en-chile-interacciones-oportunidades-y-desafios-de-sustentabilidad-parte-2\/","title":{"rendered":"Acuerdos Internacionales y la Industria de Hidr\u00f3geno Verde en Chile: Interacciones, Oportunidades y Desaf\u00edos de Sustentabilidad (Parte 2)"},"content":{"rendered":"<p style=\"text-align: justify;\">En la primera parte de este informe, Francisca Villablanca realiz\u00f3 una exhaustiva revisi\u00f3n de la literatura y un an\u00e1lisis prospectivo de los acuerdos internacionales relacionados con el desarrollo del hidr\u00f3geno verde en Chile. En esta segunda parte, la autora presenta la s\u00edntesis de siete entrevistas realizadas a diversos expertos y expertas que abordan las dimensiones tratadas en la primera parte del texto.<\/p>\n<p style=\"text-align: justify;\">La primera entrevista trata sobre los tratados internacionales, donde Sebasti\u00e1n R\u00edosco, director del Departamento de Derecho Internacional de la Pontificia Universidad Cat\u00f3lica, explica la relevancia, funcionamiento y materializaci\u00f3n de los tratados internacionales dentro de los estados. Se destaca la idoneidad de incorporar tratados internacionales ambientales en la legislaci\u00f3n nacional y la creaci\u00f3n de instrumentos administrativos para mejorar su cumplimiento.<\/p>\n<p style=\"text-align: justify;\">La segunda entrevista, sobre cooperaci\u00f3n internacional y hidr\u00f3geno verde, fue realizada a Ver\u00f3nica Vukasovic, asesora del Programa de Energ\u00eda de la Agencia de Cooperaci\u00f3n Internacional Alemana. Se discute el inter\u00e9s del estado chileno en diferentes formas de cooperaci\u00f3n internacional en energ\u00eda, as\u00ed como la importancia de cumplir con criterios ambientales en la producci\u00f3n de hidr\u00f3geno verde y sus derivados, destacando el rol clave de Chile en el aprendizaje temprano de un mercado emergente.<\/p>\n<p style=\"text-align: justify;\">La tercera entrevista, con Diego Urrejola, bi\u00f3logo y director de la Fundaci\u00f3n Cosmos, aborda el tema de humedales y la Convenci\u00f3n de Ramsar. Se analiza la importancia de la biodiversidad y los desaf\u00edos de los tratados internacionales relacionados con los humedales, proponiendo pol\u00edticas m\u00e1s agresivas para su conservaci\u00f3n.<\/p>\n<p style=\"text-align: justify;\">Javier Simonetti, bi\u00f3logo y miembro de la Academia de Ciencias de Chile, es entrevistado en la cuarta entrevista sobre biodiversidad e hidr\u00f3geno verde. Se discute la relaci\u00f3n entre el desarrollo humano y la conservaci\u00f3n de la biodiversidad, abogando por un modelo de desarrollo sustentable que reconsidere la visi\u00f3n tradicional sobre la industria del hidr\u00f3geno verde.<\/p>\n<p style=\"text-align: justify;\">La quinta entrevista es con Eduardo Pavez, m\u00e9dico veterinario y gerente general de Bioam\u00e9rica Consultores, quien explora el impacto del hidr\u00f3geno verde en la fauna silvestre, enfatizando la importancia de evaluar correctamente los impactos ambientales de los proyectos en regiones como Magallanes.<\/p>\n<p style=\"text-align: justify;\">Arturo Orellana, experto en geograf\u00eda humana y pol\u00edticas p\u00fablicas, es entrevistado en la sexta parte sobre la operacionalizaci\u00f3n de pol\u00edticas p\u00fablicas territoriales en Chile. Se discute la necesidad de adaptar las pol\u00edticas nacionales a las realidades locales y regionales para lograr un desarrollo m\u00e1s equitativo y sostenible del hidr\u00f3geno verde.<\/p>\n<p style=\"text-align: justify;\">La s\u00e9ptima entrevista, con Gabriela Simonetti de la ONG FIMA, aborda la participaci\u00f3n de las comunidades en la producci\u00f3n de hidr\u00f3geno verde en Magallanes, indicando espacios pocos informados que impactan la motivaci\u00f3n de los integrantes de la comunidad en estos procesos.<\/p>\n<p style=\"text-align: justify;\">Finalmente, la autora resume ocho ideas principales como conclusiones, destacando los desaf\u00edos para la investigaci\u00f3n y las pol\u00edticas p\u00fablicas en Chile respecto al desarrollo del hidr\u00f3geno verde.<\/p>\n<p><a data-e-Disable-Page-Transition=\"true\" class=\"download-link\" title=\"\" href=\"https:\/\/www.asuntospublicos.cl\/ap\/download\/13866\/?tmstv=1777436215\" rel=\"nofollow\">\n\tDescargar Informe 1467<\/a><br \/>\n<!--\/codes_iframe--><\/p>\n","protected":false},"excerpt":{"rendered":"<p>Por Francisca Villablanca<\/p>\n","protected":false},"author":119,"featured_media":13863,"comment_status":"open","ping_status":"open","sticky":false,"template":"","format":"standard","meta":{"footnotes":""},"categories":[2,4,9,5],"tags":[],"class_list":["post-13861","post","type-post","status-publish","format-standard","has-post-thumbnail","hentry","category-descargas","category-politica","category-politicas-sectoriales","category-ultimos-informes"],"_links":{"self":[{"href":"https:\/\/www.asuntospublicos.cl\/ap\/wp-json\/wp\/v2\/posts\/13861"}],"collection":[{"href":"https:\/\/www.asuntospublicos.cl\/ap\/wp-json\/wp\/v2\/posts"}],"about":[{"href":"https:\/\/www.asuntospublicos.cl\/ap\/wp-json\/wp\/v2\/types\/post"}],"author":[{"embeddable":true,"href":"https:\/\/www.asuntospublicos.cl\/ap\/wp-json\/wp\/v2\/users\/119"}],"replies":[{"embeddable":true,"href":"https:\/\/www.asuntospublicos.cl\/ap\/wp-json\/wp\/v2\/comments?post=13861"}],"version-history":[{"count":2,"href":"https:\/\/www.asuntospublicos.cl\/ap\/wp-json\/wp\/v2\/posts\/13861\/revisions"}],"predecessor-version":[{"id":13868,"href":"https:\/\/www.asuntospublicos.cl\/ap\/wp-json\/wp\/v2\/posts\/13861\/revisions\/13868"}],"wp:featuredmedia":[{"embeddable":true,"href":"https:\/\/www.asuntospublicos.cl\/ap\/wp-json\/wp\/v2\/media\/13863"}],"wp:attachment":[{"href":"https:\/\/www.asuntospublicos.cl\/ap\/wp-json\/wp\/v2\/media?parent=13861"}],"wp:term":[{"taxonomy":"category","embeddable":true,"href":"https:\/\/www.asuntospublicos.cl\/ap\/wp-json\/wp\/v2\/categories?post=13861"},{"taxonomy":"post_tag","embeddable":true,"href":"https:\/\/www.asuntospublicos.cl\/ap\/wp-json\/wp\/v2\/tags?post=13861"}],"curies":[{"name":"wp","href":"https:\/\/api.w.org\/{rel}","templated":true}]}}