{"id":13835,"date":"2024-06-17T14:16:05","date_gmt":"2024-06-17T17:16:05","guid":{"rendered":"https:\/\/www.asuntospublicos.cl\/ap\/?p=13835"},"modified":"2024-06-17T14:16:05","modified_gmt":"2024-06-17T17:16:05","slug":"la-nueva-tierra-prometida-apuntes-para-una-definicion-estrategica-de-futuro-del-humanismo-cristiano-parte-2","status":"publish","type":"post","link":"https:\/\/www.asuntospublicos.cl\/ap\/la-nueva-tierra-prometida-apuntes-para-una-definicion-estrategica-de-futuro-del-humanismo-cristiano-parte-2\/","title":{"rendered":"\u201cLa nueva tierra prometida\u201d: Apuntes para una definici\u00f3n estrat\u00e9gica de futuro del humanismo cristiano &#8211; (Parte 2)"},"content":{"rendered":"<p style=\"text-align: justify;\">Este informe titulado \u00abLa nueva tierra prometida: apuntes para una definici\u00f3n estrat\u00e9gica de futuro del humanismo cristiano, parte dos,\u00bb desarrolla lo indicado en la primera parte, donde se abord\u00f3 una reflexi\u00f3n profunda sobre las tendencias globales que enmarcan la acci\u00f3n pol\u00edtica electoral, con el objetivo de comprender la realidad actual y formular una propuesta pol\u00edtica significativa para los ciudadanos. Ahora, en esta segunda parte, se contin\u00faa la idea desarrollada por los autores, centr\u00e1ndose en los elementos del contexto latinoamericano: la falta de adopci\u00f3n, adaptaci\u00f3n y desarrollo de tecnolog\u00eda; la concentraci\u00f3n econ\u00f3mica como problema; y la alt\u00edsima violencia interna en nuestro continente. Posteriormente, se complementa este apartado con un tercer punto sobre los desaf\u00edos estrat\u00e9gicos para Chile, proponiendo terminar con el juego de suma cero, abordar la crisis pol\u00edtica del modelo de desarrollo, y enfrentar la desinstitucionalizaci\u00f3n institucionalizada. Finalmente, se presenta una reflexi\u00f3n final para la acci\u00f3n estrat\u00e9gica del humanismo cristiano, explorando la pregunta: \u00ab\u00bfCu\u00e1l es la nueva tierra prometida para los chilenos?\u00bb, y proponiendo un nuevo relato que d\u00e9 sentido al bien com\u00fan y a la comunidad, as\u00ed como el desaf\u00edo de volver a construir una mayor\u00eda pol\u00edtica coherente y consistente.<\/p>\n<p><a data-e-Disable-Page-Transition=\"true\" class=\"download-link\" title=\"\" href=\"https:\/\/www.asuntospublicos.cl\/ap\/download\/13839\/?tmstv=1777597826\" rel=\"nofollow\">\n\tDescargar Informe 1464<\/a><br \/>\n<!--\/codes_iframe--><\/p>\n","protected":false},"excerpt":{"rendered":"<p>Por Eugenio Ortega Frei y Luis Ruz Olivares<\/p>\n","protected":false},"author":119,"featured_media":13838,"comment_status":"open","ping_status":"open","sticky":false,"template":"","format":"standard","meta":{"footnotes":""},"categories":[2,4,5],"tags":[],"class_list":["post-13835","post","type-post","status-publish","format-standard","has-post-thumbnail","hentry","category-descargas","category-politica","category-ultimos-informes"],"_links":{"self":[{"href":"https:\/\/www.asuntospublicos.cl\/ap\/wp-json\/wp\/v2\/posts\/13835"}],"collection":[{"href":"https:\/\/www.asuntospublicos.cl\/ap\/wp-json\/wp\/v2\/posts"}],"about":[{"href":"https:\/\/www.asuntospublicos.cl\/ap\/wp-json\/wp\/v2\/types\/post"}],"author":[{"embeddable":true,"href":"https:\/\/www.asuntospublicos.cl\/ap\/wp-json\/wp\/v2\/users\/119"}],"replies":[{"embeddable":true,"href":"https:\/\/www.asuntospublicos.cl\/ap\/wp-json\/wp\/v2\/comments?post=13835"}],"version-history":[{"count":1,"href":"https:\/\/www.asuntospublicos.cl\/ap\/wp-json\/wp\/v2\/posts\/13835\/revisions"}],"predecessor-version":[{"id":13841,"href":"https:\/\/www.asuntospublicos.cl\/ap\/wp-json\/wp\/v2\/posts\/13835\/revisions\/13841"}],"wp:featuredmedia":[{"embeddable":true,"href":"https:\/\/www.asuntospublicos.cl\/ap\/wp-json\/wp\/v2\/media\/13838"}],"wp:attachment":[{"href":"https:\/\/www.asuntospublicos.cl\/ap\/wp-json\/wp\/v2\/media?parent=13835"}],"wp:term":[{"taxonomy":"category","embeddable":true,"href":"https:\/\/www.asuntospublicos.cl\/ap\/wp-json\/wp\/v2\/categories?post=13835"},{"taxonomy":"post_tag","embeddable":true,"href":"https:\/\/www.asuntospublicos.cl\/ap\/wp-json\/wp\/v2\/tags?post=13835"}],"curies":[{"name":"wp","href":"https:\/\/api.w.org\/{rel}","templated":true}]}}