{"id":13798,"date":"2024-04-02T12:34:02","date_gmt":"2024-04-02T15:34:02","guid":{"rendered":"https:\/\/www.asuntospublicos.cl\/ap\/?p=13798"},"modified":"2024-04-02T12:34:02","modified_gmt":"2024-04-02T15:34:02","slug":"analisis-de-estandares-internacionales-del-derecho-a-una-educacion-no-sexista","status":"publish","type":"post","link":"https:\/\/www.asuntospublicos.cl\/ap\/analisis-de-estandares-internacionales-del-derecho-a-una-educacion-no-sexista\/","title":{"rendered":"An\u00e1lisis de est\u00e1ndares internacionales del Derecho a una educaci\u00f3n no sexista"},"content":{"rendered":"<p style=\"text-align: justify;\">En el informe la autora analiza los est\u00e1ndares internacionales relacionados con el derecho a una educaci\u00f3n no sexista. En el texto se destaca la obligaci\u00f3n del Estado de cumplir con el Derecho Internacional de los Derechos Humanos (DIDH), incluido el derecho a la educaci\u00f3n, seg\u00fan lo establecido en la Constituci\u00f3n y los tratados internacionales ratificados. Se hace referencia a varios instrumentos internacionales que consagran el derecho a la educaci\u00f3n, enfatizando la importancia de garantizarlo sin discriminaci\u00f3n de g\u00e9nero u otras categor\u00edas.<\/p>\n<p><a data-e-Disable-Page-Transition=\"true\" class=\"download-link\" title=\"\" href=\"https:\/\/www.asuntospublicos.cl\/ap\/download\/13803\/?tmstv=1777439435\" rel=\"nofollow\">\n\tDescargar Informe 1461<\/a><br \/>\n<!--\/codes_iframe--><\/p>\n","protected":false},"excerpt":{"rendered":"<p>Por Constanza Maluenda<\/p>\n","protected":false},"author":119,"featured_media":13800,"comment_status":"open","ping_status":"open","sticky":false,"template":"","format":"standard","meta":{"footnotes":""},"categories":[2,4,5],"tags":[],"class_list":["post-13798","post","type-post","status-publish","format-standard","has-post-thumbnail","hentry","category-descargas","category-politica","category-ultimos-informes"],"_links":{"self":[{"href":"https:\/\/www.asuntospublicos.cl\/ap\/wp-json\/wp\/v2\/posts\/13798"}],"collection":[{"href":"https:\/\/www.asuntospublicos.cl\/ap\/wp-json\/wp\/v2\/posts"}],"about":[{"href":"https:\/\/www.asuntospublicos.cl\/ap\/wp-json\/wp\/v2\/types\/post"}],"author":[{"embeddable":true,"href":"https:\/\/www.asuntospublicos.cl\/ap\/wp-json\/wp\/v2\/users\/119"}],"replies":[{"embeddable":true,"href":"https:\/\/www.asuntospublicos.cl\/ap\/wp-json\/wp\/v2\/comments?post=13798"}],"version-history":[{"count":2,"href":"https:\/\/www.asuntospublicos.cl\/ap\/wp-json\/wp\/v2\/posts\/13798\/revisions"}],"predecessor-version":[{"id":13805,"href":"https:\/\/www.asuntospublicos.cl\/ap\/wp-json\/wp\/v2\/posts\/13798\/revisions\/13805"}],"wp:featuredmedia":[{"embeddable":true,"href":"https:\/\/www.asuntospublicos.cl\/ap\/wp-json\/wp\/v2\/media\/13800"}],"wp:attachment":[{"href":"https:\/\/www.asuntospublicos.cl\/ap\/wp-json\/wp\/v2\/media?parent=13798"}],"wp:term":[{"taxonomy":"category","embeddable":true,"href":"https:\/\/www.asuntospublicos.cl\/ap\/wp-json\/wp\/v2\/categories?post=13798"},{"taxonomy":"post_tag","embeddable":true,"href":"https:\/\/www.asuntospublicos.cl\/ap\/wp-json\/wp\/v2\/tags?post=13798"}],"curies":[{"name":"wp","href":"https:\/\/api.w.org\/{rel}","templated":true}]}}