{"id":13748,"date":"2023-09-26T08:00:54","date_gmt":"2023-09-26T11:00:54","guid":{"rendered":"https:\/\/www.asuntospublicos.cl\/ap\/?p=13748"},"modified":"2023-09-25T18:26:25","modified_gmt":"2023-09-25T21:26:25","slug":"derechos-humanos-una-obligacion-de-estados-y-empresas-parte-2","status":"publish","type":"post","link":"https:\/\/www.asuntospublicos.cl\/ap\/derechos-humanos-una-obligacion-de-estados-y-empresas-parte-2\/","title":{"rendered":"Derechos Humanos: una obligaci\u00f3n de Estados y Empresas (Parte 2)"},"content":{"rendered":"<p style=\"text-align: justify;\">Este art\u00edculo (dividido en dos partes) sostiene que las grandes empresas, en conjunto con los Estados, tienen y deben asumir responsabilidades para resguardar, proteger y garantizar los derechos fundamentales. En la entrega anterior (informe n\u00b01455) se definieron los derechos humanos, ejemplificando con la problem\u00e1tica del pl\u00e1stico y su rol en la contaminaci\u00f3n ambiental. En esta oportunidad, se refuerza la necesidad de atribuir responsabilidad directa a grandes empresas, bas\u00e1ndose en la teor\u00eda interaccional de los derechos humanos, planteada por el fil\u00f3sofo James Griffin as\u00ed como las eventuales consecuencias pr\u00e1cticas.<\/p>\n<p><a data-e-Disable-Page-Transition=\"true\" class=\"download-link\" title=\"\" href=\"https:\/\/www.asuntospublicos.cl\/ap\/download\/13753\/?tmstv=1777486511\" rel=\"nofollow\">\n\tDescargar Informe 1456<\/a><br \/>\n<!--\/codes_iframe--><\/p>\n","protected":false},"excerpt":{"rendered":"<p>Por Vicente Astudillo Acevedo<\/p>\n","protected":false},"author":119,"featured_media":13751,"comment_status":"open","ping_status":"open","sticky":false,"template":"","format":"standard","meta":{"footnotes":""},"categories":[2,4,21,5],"tags":[],"class_list":["post-13748","post","type-post","status-publish","format-standard","has-post-thumbnail","hentry","category-descargas","category-politica","category-sustentabilidad","category-ultimos-informes"],"_links":{"self":[{"href":"https:\/\/www.asuntospublicos.cl\/ap\/wp-json\/wp\/v2\/posts\/13748"}],"collection":[{"href":"https:\/\/www.asuntospublicos.cl\/ap\/wp-json\/wp\/v2\/posts"}],"about":[{"href":"https:\/\/www.asuntospublicos.cl\/ap\/wp-json\/wp\/v2\/types\/post"}],"author":[{"embeddable":true,"href":"https:\/\/www.asuntospublicos.cl\/ap\/wp-json\/wp\/v2\/users\/119"}],"replies":[{"embeddable":true,"href":"https:\/\/www.asuntospublicos.cl\/ap\/wp-json\/wp\/v2\/comments?post=13748"}],"version-history":[{"count":3,"href":"https:\/\/www.asuntospublicos.cl\/ap\/wp-json\/wp\/v2\/posts\/13748\/revisions"}],"predecessor-version":[{"id":13756,"href":"https:\/\/www.asuntospublicos.cl\/ap\/wp-json\/wp\/v2\/posts\/13748\/revisions\/13756"}],"wp:featuredmedia":[{"embeddable":true,"href":"https:\/\/www.asuntospublicos.cl\/ap\/wp-json\/wp\/v2\/media\/13751"}],"wp:attachment":[{"href":"https:\/\/www.asuntospublicos.cl\/ap\/wp-json\/wp\/v2\/media?parent=13748"}],"wp:term":[{"taxonomy":"category","embeddable":true,"href":"https:\/\/www.asuntospublicos.cl\/ap\/wp-json\/wp\/v2\/categories?post=13748"},{"taxonomy":"post_tag","embeddable":true,"href":"https:\/\/www.asuntospublicos.cl\/ap\/wp-json\/wp\/v2\/tags?post=13748"}],"curies":[{"name":"wp","href":"https:\/\/api.w.org\/{rel}","templated":true}]}}