{"id":13699,"date":"2023-08-08T10:28:29","date_gmt":"2023-08-08T13:28:29","guid":{"rendered":"https:\/\/www.asuntospublicos.cl\/ap\/?p=13699"},"modified":"2023-08-09T10:40:41","modified_gmt":"2023-08-09T13:40:41","slug":"implementacion-de-los-instrumentos-de-gestion-consagrados-en-la-ley-n21-455-ley-de-marco-de-cambio-climatico-parte-1","status":"publish","type":"post","link":"https:\/\/www.asuntospublicos.cl\/ap\/implementacion-de-los-instrumentos-de-gestion-consagrados-en-la-ley-n21-455-ley-de-marco-de-cambio-climatico-parte-1\/","title":{"rendered":"Implementaci\u00f3n de los instrumentos de gesti\u00f3n consagrados en la Ley N\u00b021.455: Ley de Marco de Cambio Clim\u00e1tico (Parte 1)"},"content":{"rendered":"<p style=\"text-align: justify;\">En este informe se ofrece un contexto, problematizaci\u00f3n, delimitaci\u00f3n conceptual y an\u00e1lisis del impacto normativo en torno a los sucesos que han desencadenado la necesidad de legislar respecto a la protecci\u00f3n, preservaci\u00f3n y conservaci\u00f3n del medioambiente. Adem\u00e1s, se ofrecen propuestas tales como elevar el est\u00e1ndar de protecci\u00f3n, instalar una pol\u00edtica mitigaci\u00f3n y adaptaci\u00f3n a los efectos adversos del cambio clim\u00e1tico y, realizar un seguimiento de la eficiencia a las pol\u00edticas, planes y programas.<\/p>\n<p><a data-e-Disable-Page-Transition=\"true\" class=\"download-link\" title=\"\" href=\"https:\/\/www.asuntospublicos.cl\/ap\/download\/13703\/?tmstv=1777432050\" rel=\"nofollow\">\n\tDescargar Informe 1452<\/a><br \/>\n<!--\/codes_iframe--><\/p>\n","protected":false},"excerpt":{"rendered":"<p>Por Andrea Jaime Vel\u00e1squez<\/p>\n","protected":false},"author":119,"featured_media":13702,"comment_status":"open","ping_status":"open","sticky":false,"template":"","format":"standard","meta":{"footnotes":""},"categories":[2,9,21,5],"tags":[],"class_list":["post-13699","post","type-post","status-publish","format-standard","has-post-thumbnail","hentry","category-descargas","category-politicas-sectoriales","category-sustentabilidad","category-ultimos-informes"],"_links":{"self":[{"href":"https:\/\/www.asuntospublicos.cl\/ap\/wp-json\/wp\/v2\/posts\/13699"}],"collection":[{"href":"https:\/\/www.asuntospublicos.cl\/ap\/wp-json\/wp\/v2\/posts"}],"about":[{"href":"https:\/\/www.asuntospublicos.cl\/ap\/wp-json\/wp\/v2\/types\/post"}],"author":[{"embeddable":true,"href":"https:\/\/www.asuntospublicos.cl\/ap\/wp-json\/wp\/v2\/users\/119"}],"replies":[{"embeddable":true,"href":"https:\/\/www.asuntospublicos.cl\/ap\/wp-json\/wp\/v2\/comments?post=13699"}],"version-history":[{"count":1,"href":"https:\/\/www.asuntospublicos.cl\/ap\/wp-json\/wp\/v2\/posts\/13699\/revisions"}],"predecessor-version":[{"id":13705,"href":"https:\/\/www.asuntospublicos.cl\/ap\/wp-json\/wp\/v2\/posts\/13699\/revisions\/13705"}],"wp:featuredmedia":[{"embeddable":true,"href":"https:\/\/www.asuntospublicos.cl\/ap\/wp-json\/wp\/v2\/media\/13702"}],"wp:attachment":[{"href":"https:\/\/www.asuntospublicos.cl\/ap\/wp-json\/wp\/v2\/media?parent=13699"}],"wp:term":[{"taxonomy":"category","embeddable":true,"href":"https:\/\/www.asuntospublicos.cl\/ap\/wp-json\/wp\/v2\/categories?post=13699"},{"taxonomy":"post_tag","embeddable":true,"href":"https:\/\/www.asuntospublicos.cl\/ap\/wp-json\/wp\/v2\/tags?post=13699"}],"curies":[{"name":"wp","href":"https:\/\/api.w.org\/{rel}","templated":true}]}}