{"id":13612,"date":"2023-06-07T12:37:43","date_gmt":"2023-06-07T15:37:43","guid":{"rendered":"https:\/\/www.asuntospublicos.cl\/ap\/?p=13612"},"modified":"2023-07-19T12:13:51","modified_gmt":"2023-07-19T15:13:51","slug":"evoluciones-del-concepto-de-cohesion-social-ideas-preliminares-para-su-desarrollo-en-chile","status":"publish","type":"post","link":"https:\/\/www.asuntospublicos.cl\/ap\/evoluciones-del-concepto-de-cohesion-social-ideas-preliminares-para-su-desarrollo-en-chile\/","title":{"rendered":"Evoluci\u00f3n(es) del concepto de Cohesi\u00f3n Social: ideas preliminares para su desarrollo en Chile"},"content":{"rendered":"<p style=\"text-align: justify;\">El presente informe realiza una breve revisi\u00f3n hist\u00f3rica del concepto de cohesi\u00f3n social estableciendo las diferencias entre el acercamiento te\u00f3rico y el acercamiento pol\u00edtico, con el fin de explicar las dificultades de otorgarle un significado \u00fanico. Asimismo, se establece una propuesta que a\u00fana las diferentes definiciones de cohesi\u00f3n social en una comprensi\u00f3n general e integrada.<\/p>\n<p><a data-e-Disable-Page-Transition=\"true\" class=\"download-link\" title=\"\" href=\"https:\/\/www.asuntospublicos.cl\/ap\/download\/13616\/?tmstv=1777479450\" rel=\"nofollow\">\n\tDescargar Informe 1443<\/a><br \/>\n<!--\/codes_iframe--><\/p>\n","protected":false},"excerpt":{"rendered":"<p>Por Camila Matuli\u0107 Y\u00e1\u00f1ez<\/p>\n","protected":false},"author":119,"featured_media":13658,"comment_status":"open","ping_status":"open","sticky":false,"template":"","format":"standard","meta":{"footnotes":""},"categories":[2,7,5],"tags":[],"class_list":["post-13612","post","type-post","status-publish","format-standard","has-post-thumbnail","hentry","category-descargas","category-sociedad","category-ultimos-informes"],"_links":{"self":[{"href":"https:\/\/www.asuntospublicos.cl\/ap\/wp-json\/wp\/v2\/posts\/13612"}],"collection":[{"href":"https:\/\/www.asuntospublicos.cl\/ap\/wp-json\/wp\/v2\/posts"}],"about":[{"href":"https:\/\/www.asuntospublicos.cl\/ap\/wp-json\/wp\/v2\/types\/post"}],"author":[{"embeddable":true,"href":"https:\/\/www.asuntospublicos.cl\/ap\/wp-json\/wp\/v2\/users\/119"}],"replies":[{"embeddable":true,"href":"https:\/\/www.asuntospublicos.cl\/ap\/wp-json\/wp\/v2\/comments?post=13612"}],"version-history":[{"count":1,"href":"https:\/\/www.asuntospublicos.cl\/ap\/wp-json\/wp\/v2\/posts\/13612\/revisions"}],"predecessor-version":[{"id":13618,"href":"https:\/\/www.asuntospublicos.cl\/ap\/wp-json\/wp\/v2\/posts\/13612\/revisions\/13618"}],"wp:featuredmedia":[{"embeddable":true,"href":"https:\/\/www.asuntospublicos.cl\/ap\/wp-json\/wp\/v2\/media\/13658"}],"wp:attachment":[{"href":"https:\/\/www.asuntospublicos.cl\/ap\/wp-json\/wp\/v2\/media?parent=13612"}],"wp:term":[{"taxonomy":"category","embeddable":true,"href":"https:\/\/www.asuntospublicos.cl\/ap\/wp-json\/wp\/v2\/categories?post=13612"},{"taxonomy":"post_tag","embeddable":true,"href":"https:\/\/www.asuntospublicos.cl\/ap\/wp-json\/wp\/v2\/tags?post=13612"}],"curies":[{"name":"wp","href":"https:\/\/api.w.org\/{rel}","templated":true}]}}