{"id":1224,"date":"2013-04-29T10:47:14","date_gmt":"2013-04-29T10:47:14","guid":{"rendered":"https:\/\/www.asuntospublicos.cl\/ap\/?p=8585"},"modified":"2021-07-12T19:31:51","modified_gmt":"2021-07-12T19:31:51","slug":"autonomia-indigena-un-asunto-de-derechos","status":"publish","type":"post","link":"https:\/\/www.asuntospublicos.cl\/ap\/autonomia-indigena-un-asunto-de-derechos\/","title":{"rendered":"Autonom\u00eda Ind\u00edgena: Un Asunto de derechos"},"content":{"rendered":"<p>Por Marcela Rocca Ca\u00f1\u00f3n . . .<\/p>\n<p>Este informe es de acceso restringido. Para descargar el contenido ingresa tu usuario y contrase\u00f1a en la secci\u00f3n \u201c<a href=\"https:\/\/www.asuntospublicos.cl\/ap\/acceso\/\">Acceso<\/a>\u201d.<\/p>\n<p>&nbsp;<\/p>\n","protected":false},"excerpt":{"rendered":"<p>Por Marcela Rocca Ca\u00f1\u00f3n<\/p>\n","protected":false},"author":1,"featured_media":4149,"comment_status":"open","ping_status":"open","sticky":false,"template":"","format":"standard","meta":{"footnotes":""},"categories":[2,6,4,9],"tags":[],"class_list":["post-1224","post","type-post","status-publish","format-standard","has-post-thumbnail","hentry","category-descargas","category-informes-anteriores","category-politica","category-politicas-sectoriales"],"_links":{"self":[{"href":"https:\/\/www.asuntospublicos.cl\/ap\/wp-json\/wp\/v2\/posts\/1224"}],"collection":[{"href":"https:\/\/www.asuntospublicos.cl\/ap\/wp-json\/wp\/v2\/posts"}],"about":[{"href":"https:\/\/www.asuntospublicos.cl\/ap\/wp-json\/wp\/v2\/types\/post"}],"author":[{"embeddable":true,"href":"https:\/\/www.asuntospublicos.cl\/ap\/wp-json\/wp\/v2\/users\/1"}],"replies":[{"embeddable":true,"href":"https:\/\/www.asuntospublicos.cl\/ap\/wp-json\/wp\/v2\/comments?post=1224"}],"version-history":[{"count":2,"href":"https:\/\/www.asuntospublicos.cl\/ap\/wp-json\/wp\/v2\/posts\/1224\/revisions"}],"predecessor-version":[{"id":9377,"href":"https:\/\/www.asuntospublicos.cl\/ap\/wp-json\/wp\/v2\/posts\/1224\/revisions\/9377"}],"wp:featuredmedia":[{"embeddable":true,"href":"https:\/\/www.asuntospublicos.cl\/ap\/wp-json\/wp\/v2\/media\/4149"}],"wp:attachment":[{"href":"https:\/\/www.asuntospublicos.cl\/ap\/wp-json\/wp\/v2\/media?parent=1224"}],"wp:term":[{"taxonomy":"category","embeddable":true,"href":"https:\/\/www.asuntospublicos.cl\/ap\/wp-json\/wp\/v2\/categories?post=1224"},{"taxonomy":"post_tag","embeddable":true,"href":"https:\/\/www.asuntospublicos.cl\/ap\/wp-json\/wp\/v2\/tags?post=1224"}],"curies":[{"name":"wp","href":"https:\/\/api.w.org\/{rel}","templated":true}]}}